{"id":1557,"date":"2024-01-17T15:24:08","date_gmt":"2024-01-17T14:24:08","guid":{"rendered":"https:\/\/www.hkm.ch\/?p=1557"},"modified":"2024-04-09T14:01:51","modified_gmt":"2024-04-09T12:01:51","slug":"les-temperatures-augmentent-et-le-soleil-brille-plus","status":"publish","type":"post","link":"https:\/\/www.hkm.ch\/fr\/articles-by-hkm\/les-temperatures-augmentent-et-le-soleil-brille-plus\/","title":{"rendered":"Les temp\u00e9ratures augmentent et le soleil brille plus"},"content":{"rendered":"\t\t<div data-elementor-type=\"wp-post\" data-elementor-id=\"1557\" class=\"elementor elementor-1557\" data-elementor-post-type=\"post\">\n\t\t\t\t<div class=\"elementor-element elementor-element-903760c e-flex e-con-boxed e-con e-parent\" data-id=\"903760c\" data-element_type=\"container\" data-e-type=\"container\" data-settings=\"{&quot;background_background&quot;:&quot;classic&quot;}\">\n\t\t\t\t\t<div class=\"e-con-inner\">\n\t\t\t\t\t<\/div>\n\t\t\t\t<\/div>\n\t\t<div class=\"elementor-element elementor-element-4ce8376 e-flex e-con-boxed e-con e-parent\" data-id=\"4ce8376\" data-element_type=\"container\" data-e-type=\"container\">\n\t\t\t\t\t<div class=\"e-con-inner\">\n\t\t\t\t<div class=\"elementor-element elementor-element-9dd97e7 elementor-widget elementor-widget-heading\" data-id=\"9dd97e7\" data-element_type=\"widget\" data-e-type=\"widget\" data-widget_type=\"heading.default\">\n\t\t\t\t<div class=\"elementor-widget-container\">\n\t\t\t\t\t<h1 class=\"elementor-heading-title elementor-size-default\">LES TEMP\u00c9RATURES AUGMENTENT ET LE SOLEIL BRILLE PLUS\n<\/h1>\t\t\t\t<\/div>\n\t\t\t\t<\/div>\n\t\t<div class=\"elementor-element elementor-element-9ca3926 e-flex e-con-boxed e-con e-child\" data-id=\"9ca3926\" data-element_type=\"container\" data-e-type=\"container\">\n\t\t\t\t\t<div class=\"e-con-inner\">\n\t\t<div class=\"elementor-element elementor-element-ab1f335 e-con-full e-flex e-con e-child\" data-id=\"ab1f335\" data-element_type=\"container\" data-e-type=\"container\">\n\t\t\t\t<div class=\"elementor-element elementor-element-585514d elementor-widget elementor-widget-image\" data-id=\"585514d\" data-element_type=\"widget\" data-e-type=\"widget\" data-widget_type=\"image.default\">\n\t\t\t\t<div class=\"elementor-widget-container\">\n\t\t\t\t\t\t\t\t\t\t\t\t\t\t\t<img fetchpriority=\"high\" decoding=\"async\" width=\"768\" height=\"512\" src=\"https:\/\/www.hkm.ch\/wp-content\/uploads\/2024\/01\/article-protections-solaire-04-5d570422-768x512.webp\" class=\"attachment-medium_large size-medium_large wp-image-1560\" alt=\"\" srcset=\"https:\/\/www.hkm.ch\/wp-content\/uploads\/2024\/01\/article-protections-solaire-04-5d570422-768x512.webp 768w, https:\/\/www.hkm.ch\/wp-content\/uploads\/2024\/01\/article-protections-solaire-04-5d570422-300x200.webp 300w, https:\/\/www.hkm.ch\/wp-content\/uploads\/2024\/01\/article-protections-solaire-04-5d570422-1024x683.webp 1024w, https:\/\/www.hkm.ch\/wp-content\/uploads\/2024\/01\/article-protections-solaire-04-5d570422.webp 1200w\" sizes=\"(max-width: 768px) 100vw, 768px\" \/>\t\t\t\t\t\t\t\t\t\t\t\t\t\t\t<\/div>\n\t\t\t\t<\/div>\n\t\t\t\t<div class=\"elementor-element elementor-element-17993bc elementor-widget-divider--view-line elementor-widget elementor-widget-divider\" data-id=\"17993bc\" data-element_type=\"widget\" data-e-type=\"widget\" data-widget_type=\"divider.default\">\n\t\t\t\t<div class=\"elementor-widget-container\">\n\t\t\t\t\t\t\t<div class=\"elementor-divider\">\n\t\t\t<span class=\"elementor-divider-separator\">\n\t\t\t\t\t\t<\/span>\n\t\t<\/div>\n\t\t\t\t\t\t<\/div>\n\t\t\t\t<\/div>\n\t\t\t\t<div class=\"elementor-element elementor-element-cb07590 elementor-widget elementor-widget-text-editor\" data-id=\"cb07590\" data-element_type=\"widget\" data-e-type=\"widget\" data-widget_type=\"text-editor.default\">\n\t\t\t\t<div class=\"elementor-widget-container\">\n\t\t\t\t\t\t\t\t\t<p>Tatjana Kr\u00fcttli-Br\u00fcgger<br \/>Responsable marketing \/ Membre de la direction g\u00e9n\u00e9rale<br \/>HKM AG, Givisiez\u00a0<\/p>\t\t\t\t\t\t\t\t<\/div>\n\t\t\t\t<\/div>\n\t\t\t\t<\/div>\n\t\t<div class=\"elementor-element elementor-element-aea87ce e-con-full e-flex e-con e-child\" data-id=\"aea87ce\" data-element_type=\"container\" data-e-type=\"container\">\n\t\t\t\t<div class=\"elementor-element elementor-element-d857ff7 elementor-widget elementor-widget-heading\" data-id=\"d857ff7\" data-element_type=\"widget\" data-e-type=\"widget\" data-widget_type=\"heading.default\">\n\t\t\t\t<div class=\"elementor-widget-container\">\n\t\t\t\t\t<h2 class=\"elementor-heading-title elementor-size-default\">1. DOUCEMENT MAIS S\u00dbREMENT\u2026 LES TEMP\u00c9RATURES AUGMENTENT EN SUISSE ET LE SOLEIL Y BRILLE 20% DE PLUS QU\u2019EN 1980<\/h2>\t\t\t\t<\/div>\n\t\t\t\t<\/div>\n\t\t\t\t<div class=\"elementor-element elementor-element-cab3bd5 elementor-widget elementor-widget-text-editor\" data-id=\"cab3bd5\" data-element_type=\"widget\" data-e-type=\"widget\" data-widget_type=\"text-editor.default\">\n\t\t\t\t<div class=\"elementor-widget-container\">\n\t\t\t\t\t\t\t\t\t<p>Les m\u00e9t\u00e9orologues l\u2019ont relev\u00e9 : depuis 150 ans, le climat Suisse se r\u00e9chauffe. Regardons de plus pr\u00e8s.\u00a0<\/p>\t\t\t\t\t\t\t\t<\/div>\n\t\t\t\t<\/div>\n\t\t\t\t<div class=\"elementor-element elementor-element-2557b18 elementor-widget elementor-widget-heading\" data-id=\"2557b18\" data-element_type=\"widget\" data-e-type=\"widget\" data-widget_type=\"heading.default\">\n\t\t\t\t<div class=\"elementor-widget-container\">\n\t\t\t\t\t<h2 class=\"elementor-heading-title elementor-size-default\">1.1 LOIN DES OC\u00c9ANS, PLUS DIFFICILE \u00c0 SE RAFRA\u00ceCHIR\n<\/h2>\t\t\t\t<\/div>\n\t\t\t\t<\/div>\n\t\t\t\t<div class=\"elementor-element elementor-element-eba16ad elementor-widget elementor-widget-text-editor\" data-id=\"eba16ad\" data-element_type=\"widget\" data-e-type=\"widget\" data-widget_type=\"text-editor.default\">\n\t\t\t\t<div class=\"elementor-widget-container\">\n\t\t\t\t\t\t\t\t\t<p>Premi\u00e8re constatation : la Suisse et ses territoires annexes \u2013 comme la France, le nord de l\u2019Italie, le sud de l\u2019Allemagne ou l\u2019Autriche \u2013 se situe au centre des terres et par d\u00e9duction loin des oc\u00e9ans. Les oc\u00e9ans repr\u00e9sentent 70% de la surface du globe et participent grandement \u00e0 refroidir les temp\u00e9ratures, en absorbant la chaleur.\u00a0<\/p>\t\t\t\t\t\t\t\t<\/div>\n\t\t\t\t<\/div>\n\t\t\t\t<div class=\"elementor-element elementor-element-5ccb536 elementor-widget elementor-widget-heading\" data-id=\"5ccb536\" data-element_type=\"widget\" data-e-type=\"widget\" data-widget_type=\"heading.default\">\n\t\t\t\t<div class=\"elementor-widget-container\">\n\t\t\t\t\t<h2 class=\"elementor-heading-title elementor-size-default\">1.2 DES EFFORTS POUR LE CLIMAT\n<\/h2>\t\t\t\t<\/div>\n\t\t\t\t<\/div>\n\t\t\t\t<div class=\"elementor-element elementor-element-e1503cb elementor-widget elementor-widget-text-editor\" data-id=\"e1503cb\" data-element_type=\"widget\" data-e-type=\"widget\" data-widget_type=\"text-editor.default\">\n\t\t\t\t<div class=\"elementor-widget-container\">\n\t\t\t\t\t\t\t\t\t<p>Les secteurs de l\u2019industrie, de l\u2019agriculture et du b\u00e2timent ont amen\u00e9 de gros changements dans leur pratique pour pouvoir atteindre les objectifs climatiques fix\u00e9s par les accords de Paris, entr\u00e9s en vigueur en 2016. L\u2019un de ces objectifs : la r\u00e9duction des gaz \u00e0 effet de serre. On voit par exemple que les surfaces agricoles et l\u2019utilisation d\u2019engrais min\u00e9raux ont diminu\u00e9. En parall\u00e8le, les pompes \u00e0 chaleur et les chauffages solaires s\u2019installent plus couramment.<br \/>Malgr\u00e9 la p\u00e9riode du covid qui a largement contribu\u00e9 \u00e0 ralentir les \u00e9missions, les 10 prochaines ann\u00e9es seront d\u00e9cisives.\u00a0<\/p>\t\t\t\t\t\t\t\t<\/div>\n\t\t\t\t<\/div>\n\t\t\t\t<div class=\"elementor-element elementor-element-bdf433e elementor-widget elementor-widget-heading\" data-id=\"bdf433e\" data-element_type=\"widget\" data-e-type=\"widget\" data-widget_type=\"heading.default\">\n\t\t\t\t<div class=\"elementor-widget-container\">\n\t\t\t\t\t<h2 class=\"elementor-heading-title elementor-size-default\">1.3 LOIN DE L\u2019\u00c9QUATEUR, PLUS CONCERN\u00c9\n<\/h2>\t\t\t\t<\/div>\n\t\t\t\t<\/div>\n\t\t\t\t<div class=\"elementor-element elementor-element-2916a56 elementor-widget elementor-widget-text-editor\" data-id=\"2916a56\" data-element_type=\"widget\" data-e-type=\"widget\" data-widget_type=\"text-editor.default\">\n\t\t\t\t<div class=\"elementor-widget-container\">\n\t\t\t\t\t\t\t\t\t<p>C\u2019est un fait, le r\u00e9chauffement climatique est moins cons\u00e9quent au niveau de l\u2019\u00e9quateur. Les pays se rapprochant des p\u00f4les sont les plus concern\u00e9s par la hausse des temp\u00e9ratures : la Suisse en fait partie.\u00a0<\/p>\t\t\t\t\t\t\t\t<\/div>\n\t\t\t\t<\/div>\n\t\t\t\t<div class=\"elementor-element elementor-element-477b7f4 elementor-widget elementor-widget-heading\" data-id=\"477b7f4\" data-element_type=\"widget\" data-e-type=\"widget\" data-widget_type=\"heading.default\">\n\t\t\t\t<div class=\"elementor-widget-container\">\n\t\t\t\t\t<h2 class=\"elementor-heading-title elementor-size-default\">2. MAIS ALORS CONCR\u00c8TEMENT, QUELLES SONT LES CONS\u00c9QUENCES ?\n<\/h2>\t\t\t\t<\/div>\n\t\t\t\t<\/div>\n\t\t\t\t<div class=\"elementor-element elementor-element-9c94232 elementor-widget elementor-widget-text-editor\" data-id=\"9c94232\" data-element_type=\"widget\" data-e-type=\"widget\" data-widget_type=\"text-editor.default\">\n\t\t\t\t<div class=\"elementor-widget-container\">\n\t\t\t\t\t\t\t\t\t<p>Difficile parfois de s\u2019en rendre vraiment compte, si on ne se plonge pas dans quelques statistiques et relev\u00e9s m\u00e9t\u00e9orologiques. Pourtant, nous vivons r\u00e9guli\u00e8rement les cons\u00e9quences du r\u00e9chauffement. Bri\u00e8vement :<\/p><ul><li>Nos \u00e9t\u00e9s sont plus secs ;<\/li><li>Les \u00e9v\u00e8nements m\u00e9t\u00e9orologiques marquants sont plus r\u00e9guliers (notons l\u2019\u00e9pisode de gr\u00eale du printemps 2021 ou les temp\u00eates du sable du Sahara pour la 2\u00e8me fois cette ann\u00e9e) ;<\/li><li>Nos \u00e9t\u00e9s connaissent plus de jours de canicule ;<\/li><li>Nos hivers sont moins enneig\u00e9s.\u00a0<\/li><\/ul>\t\t\t\t\t\t\t\t<\/div>\n\t\t\t\t<\/div>\n\t\t\t\t<div class=\"elementor-element elementor-element-aaa810e elementor-widget elementor-widget-heading\" data-id=\"aaa810e\" data-element_type=\"widget\" data-e-type=\"widget\" data-widget_type=\"heading.default\">\n\t\t\t\t<div class=\"elementor-widget-container\">\n\t\t\t\t\t<h2 class=\"elementor-heading-title elementor-size-default\">3. NOS CONSEILS POUR BIEN VOUS PROT\u00c9GER DU SOLEIL\n<\/h2>\t\t\t\t<\/div>\n\t\t\t\t<\/div>\n\t\t\t\t<div class=\"elementor-element elementor-element-dd77f45 elementor-widget elementor-widget-text-editor\" data-id=\"dd77f45\" data-element_type=\"widget\" data-e-type=\"widget\" data-widget_type=\"text-editor.default\">\n\t\t\t\t<div class=\"elementor-widget-container\">\n\t\t\t\t\t\t\t\t\t<p>Les rayons UV, qui \u00e9manent du soleil, sont naturellement filtr\u00e9s par la couche d\u2019ozone, qui est malheureusement de plus en plus fine.\u00a0<\/p>\t\t\t\t\t\t\t\t<\/div>\n\t\t\t\t<\/div>\n\t\t\t\t<div class=\"elementor-element elementor-element-57447ae elementor-widget elementor-widget-heading\" data-id=\"57447ae\" data-element_type=\"widget\" data-e-type=\"widget\" data-widget_type=\"heading.default\">\n\t\t\t\t<div class=\"elementor-widget-container\">\n\t\t\t\t\t<h2 class=\"elementor-heading-title elementor-size-default\">LE SAVIEZ-VOUS ?\n<\/h2>\t\t\t\t<\/div>\n\t\t\t\t<\/div>\n\t\t\t\t<div class=\"elementor-element elementor-element-3c2aebe elementor-widget elementor-widget-text-editor\" data-id=\"3c2aebe\" data-element_type=\"widget\" data-e-type=\"widget\" data-widget_type=\"text-editor.default\">\n\t\t\t\t<div class=\"elementor-widget-container\">\n\t\t\t\t\t\t\t\t\t<p>80% des rayons UV traversent les nuages ! M\u00eame par temps couvert, il est important de se prot\u00e9ger du soleil !<\/p><p>D\u00e8s le mois de mars-avril, les UV s\u2019intensifient et sont les plus denses de mai \u00e0 ao\u00fbt. Prot\u00e9gez-vous !<\/p><p>Privil\u00e9gier l\u2019ombre le plus souvent possible, surtout de 11h \u00e0 15h ;<br \/>Porter un chapeau, des lunettes et des v\u00eatements longs ;<br \/>Utiliser de bonnes cr\u00e8mes solaires, avec indice UV \u00e9lev\u00e9.<br \/>Chez HKM, nos protections solaires sont faites sur mesure, pour une adaptation id\u00e9ale \u00e0 votre ext\u00e9rieur. L\u2019ombre est la meilleure des protections solaires et offre la solution id\u00e9ale pour pouvoir profiter d\u2019\u00eatre dehors, tout en restant prudent.\u00a0<\/p><p>Que ce soient des stores en toile, des parasoles ou des pergolas, notre gamme de protections solaires vous permet de trouver la solution la plus harmonieuse et la plus pratique, afin de passer un \u00e9t\u00e9 en toute tranquillit\u00e9.<\/p>\t\t\t\t\t\t\t\t<\/div>\n\t\t\t\t<\/div>\n\t\t\t\t<div class=\"elementor-element elementor-element-6db0603 elementor-widget elementor-widget-heading\" data-id=\"6db0603\" data-element_type=\"widget\" data-e-type=\"widget\" data-widget_type=\"heading.default\">\n\t\t\t\t<div class=\"elementor-widget-container\">\n\t\t\t\t\t<h2 class=\"elementor-heading-title elementor-size-default\">SOURCES<\/h2>\t\t\t\t<\/div>\n\t\t\t\t<\/div>\n\t\t\t\t<div class=\"elementor-element elementor-element-b89d6c6 lien elementor-widget elementor-widget-text-editor\" data-id=\"b89d6c6\" data-element_type=\"widget\" data-e-type=\"widget\" data-widget_type=\"text-editor.default\">\n\t\t\t\t<div class=\"elementor-widget-container\">\n\t\t\t\t\t\t\t\t\t<ul><li><a href=\"https:\/\/www.rts.ch\/info\/sciences-tech\/12620009-le-rechauffement-climatique-est-plus-rapide-en-suisse.html#:~:text=En%20Suisse%2C%20les%20temp%C3%A9ratures%20ont,situe%20%C3%A0%200%2C9%20degr%C3%A9\" target=\"_blank\" rel=\"noopener\">www.rts.ch<\/a><\/li><li><a href=\"https:\/\/www.geneve.ch\/fr\/actualites\/dossiers-information\/changement-climatique-geneve\/comprendre\/effets-suisse-geneve\" target=\"_blank\" rel=\"noopener\">www.geneve.ch<\/a><\/li><li><a href=\"https:\/\/www.meteosuisse.admin.ch\/home\/climat\/changement-climatique-suisse.html\" target=\"_blank\" rel=\"noopener\">www.meteosuisse.admin.ch\u00a0<\/a><\/li><\/ul>\t\t\t\t\t\t\t\t<\/div>\n\t\t\t\t<\/div>\n\t\t\t\t<div class=\"elementor-element elementor-element-08ae7c3 elementor-widget elementor-widget-heading\" data-id=\"08ae7c3\" data-element_type=\"widget\" data-e-type=\"widget\" data-widget_type=\"heading.default\">\n\t\t\t\t<div class=\"elementor-widget-container\">\n\t\t\t\t\t<h2 class=\"elementor-heading-title elementor-size-default\">Brochures<\/h2>\t\t\t\t<\/div>\n\t\t\t\t<\/div>\n\t\t\t\t<div class=\"elementor-element elementor-element-1b24559 lien elementor-widget elementor-widget-text-editor\" data-id=\"1b24559\" data-element_type=\"widget\" data-e-type=\"widget\" data-widget_type=\"text-editor.default\">\n\t\t\t\t<div class=\"elementor-widget-container\">\n\t\t\t\t\t\t\t\t\t<ul>\n \t<li><a href=\"https:\/\/sciencesnaturelles.ch\/climate\/climate_change_and_impacts\/swiss_climate_change_scenarios\/uuid\/i\/9f501878-b55b-5c6e-a203-a000d8266a4c-CH2018_%E2%80%93_sc%C3%A9narios_climatiques_pour_la_Suisse\" target=\"_blank\" rel=\"noopener\">www.sciencesnaturelles.ch<\/a><\/li>\n \t<li><a href=\"https:\/\/www.liguecancer.ch\/a-propos-du-cancer\/prevention\/se-proteger-du-soleil\/conseils-de-protection-solaire\" rel=\"noopener\" target=\"_blank\" >www.liguecancer.ch<\/a><\/li>\n \t<li><a href=\"https:\/\/www.swissinfo.ch\/fre\/economie\/emissioni-co2_moins-de-vaches--plus-de-v%C3%A9hicules--la-suisse-va-rater-son-objectif-climatique\/45875818\" target=\"_blank\" rel=\"noopener\">www.swissinfo.ch<\/a><\/li>\n \t<li><a href=\"https:\/\/showyourstripes.info\/b\/europe\/switzerland\" target=\"_blank\" rel=\"noopener\">www.showyourstripes.info\u00a0<\/a><\/li>\n<\/ul>\t\t\t\t\t\t\t\t<\/div>\n\t\t\t\t<\/div>\n\t\t\t\t<\/div>\n\t\t\t\t\t<\/div>\n\t\t\t\t<\/div>\n\t\t\t\t\t<\/div>\n\t\t\t\t<\/div>\n\t\t\t\t<\/div>\n\t\t","protected":false},"excerpt":{"rendered":"<p>Doucement mais s\u00fbrement\u2026 les temp\u00e9ratures augmentent en Suisse et le soleil y brille 20% de plus qu\u2019en 1980. Les m\u00e9t\u00e9orologues l\u2019ont relev\u00e9 : depuis 150 ans, le climat Suisse se r\u00e9chauffe. Regardons de plus pr\u00e8s.<\/p>\n","protected":false},"author":1,"featured_media":1560,"comment_status":"closed","ping_status":"open","sticky":false,"template":"elementor_header_footer","format":"standard","meta":{"footnotes":""},"categories":[39],"tags":[],"class_list":["post-1557","post","type-post","status-publish","format-standard","has-post-thumbnail","hentry","category-articles-by-hkm"],"yoast_head":"<!-- This site is optimized with the Yoast SEO plugin v27.4 - https:\/\/yoast.com\/product\/yoast-seo-wordpress\/ -->\n<title>Les temp\u00e9ratures augmentent et le soleil brille plus - HKM SA<\/title>\n<meta name=\"robots\" content=\"index, follow, max-snippet:-1, max-image-preview:large, max-video-preview:-1\" \/>\n<link rel=\"canonical\" href=\"https:\/\/www.hkm.ch\/fr\/articles-by-hkm\/les-temperatures-augmentent-et-le-soleil-brille-plus\/\" \/>\n<meta property=\"og:locale\" content=\"fr_FR\" \/>\n<meta property=\"og:type\" content=\"article\" \/>\n<meta property=\"og:title\" content=\"Les temp\u00e9ratures augmentent et le soleil brille plus - HKM SA\" \/>\n<meta property=\"og:description\" content=\"Doucement mais s\u00fbrement\u2026 les temp\u00e9ratures augmentent en Suisse et le soleil y brille 20% de plus qu\u2019en 1980. Les m\u00e9t\u00e9orologues l\u2019ont relev\u00e9 : depuis 150 ans, le climat Suisse se r\u00e9chauffe. Regardons de plus pr\u00e8s.\" \/>\n<meta property=\"og:url\" content=\"https:\/\/www.hkm.ch\/fr\/articles-by-hkm\/les-temperatures-augmentent-et-le-soleil-brille-plus\/\" \/>\n<meta property=\"og:site_name\" content=\"HKM SA\" \/>\n<meta property=\"article:published_time\" content=\"2024-01-17T14:24:08+00:00\" \/>\n<meta property=\"article:modified_time\" content=\"2024-04-09T12:01:51+00:00\" \/>\n<meta property=\"og:image\" content=\"https:\/\/www.hkm.ch\/wp-content\/uploads\/2024\/01\/article-protections-solaire-04-5d570422.webp\" \/>\n\t<meta property=\"og:image:width\" content=\"1200\" \/>\n\t<meta property=\"og:image:height\" content=\"800\" \/>\n\t<meta property=\"og:image:type\" content=\"image\/webp\" \/>\n<meta name=\"author\" content=\"devs@coommunication.com\" \/>\n<meta name=\"twitter:card\" content=\"summary_large_image\" \/>\n<meta name=\"twitter:label1\" content=\"\u00c9crit par\" \/>\n\t<meta name=\"twitter:data1\" content=\"devs@coommunication.com\" \/>\n\t<meta name=\"twitter:label2\" content=\"Dur\u00e9e de lecture estim\u00e9e\" \/>\n\t<meta name=\"twitter:data2\" content=\"3 minutes\" \/>\n<script type=\"application\/ld+json\" class=\"yoast-schema-graph\">{\"@context\":\"https:\\\/\\\/schema.org\",\"@graph\":[{\"@type\":\"Article\",\"@id\":\"https:\\\/\\\/www.hkm.ch\\\/fr\\\/articles-by-hkm\\\/les-temperatures-augmentent-et-le-soleil-brille-plus\\\/#article\",\"isPartOf\":{\"@id\":\"https:\\\/\\\/www.hkm.ch\\\/fr\\\/articles-by-hkm\\\/les-temperatures-augmentent-et-le-soleil-brille-plus\\\/\"},\"author\":{\"name\":\"devs@coommunication.com\",\"@id\":\"https:\\\/\\\/www.hkm.ch\\\/fr\\\/#\\\/schema\\\/person\\\/898cf261f40ec7de6fc1ad2671167a36\"},\"headline\":\"Les temp\u00e9ratures augmentent et le soleil brille plus\",\"datePublished\":\"2024-01-17T14:24:08+00:00\",\"dateModified\":\"2024-04-09T12:01:51+00:00\",\"mainEntityOfPage\":{\"@id\":\"https:\\\/\\\/www.hkm.ch\\\/fr\\\/articles-by-hkm\\\/les-temperatures-augmentent-et-le-soleil-brille-plus\\\/\"},\"wordCount\":605,\"publisher\":{\"@id\":\"https:\\\/\\\/www.hkm.ch\\\/fr\\\/#organization\"},\"image\":{\"@id\":\"https:\\\/\\\/www.hkm.ch\\\/fr\\\/articles-by-hkm\\\/les-temperatures-augmentent-et-le-soleil-brille-plus\\\/#primaryimage\"},\"thumbnailUrl\":\"https:\\\/\\\/www.hkm.ch\\\/wp-content\\\/uploads\\\/2024\\\/01\\\/article-protections-solaire-04-5d570422.webp\",\"articleSection\":[\"Articles by HKM\"],\"inLanguage\":\"fr-FR\"},{\"@type\":\"WebPage\",\"@id\":\"https:\\\/\\\/www.hkm.ch\\\/fr\\\/articles-by-hkm\\\/les-temperatures-augmentent-et-le-soleil-brille-plus\\\/\",\"url\":\"https:\\\/\\\/www.hkm.ch\\\/fr\\\/articles-by-hkm\\\/les-temperatures-augmentent-et-le-soleil-brille-plus\\\/\",\"name\":\"Les temp\u00e9ratures augmentent et le soleil brille plus - HKM SA\",\"isPartOf\":{\"@id\":\"https:\\\/\\\/www.hkm.ch\\\/fr\\\/#website\"},\"primaryImageOfPage\":{\"@id\":\"https:\\\/\\\/www.hkm.ch\\\/fr\\\/articles-by-hkm\\\/les-temperatures-augmentent-et-le-soleil-brille-plus\\\/#primaryimage\"},\"image\":{\"@id\":\"https:\\\/\\\/www.hkm.ch\\\/fr\\\/articles-by-hkm\\\/les-temperatures-augmentent-et-le-soleil-brille-plus\\\/#primaryimage\"},\"thumbnailUrl\":\"https:\\\/\\\/www.hkm.ch\\\/wp-content\\\/uploads\\\/2024\\\/01\\\/article-protections-solaire-04-5d570422.webp\",\"datePublished\":\"2024-01-17T14:24:08+00:00\",\"dateModified\":\"2024-04-09T12:01:51+00:00\",\"breadcrumb\":{\"@id\":\"https:\\\/\\\/www.hkm.ch\\\/fr\\\/articles-by-hkm\\\/les-temperatures-augmentent-et-le-soleil-brille-plus\\\/#breadcrumb\"},\"inLanguage\":\"fr-FR\",\"potentialAction\":[{\"@type\":\"ReadAction\",\"target\":[\"https:\\\/\\\/www.hkm.ch\\\/fr\\\/articles-by-hkm\\\/les-temperatures-augmentent-et-le-soleil-brille-plus\\\/\"]}]},{\"@type\":\"ImageObject\",\"inLanguage\":\"fr-FR\",\"@id\":\"https:\\\/\\\/www.hkm.ch\\\/fr\\\/articles-by-hkm\\\/les-temperatures-augmentent-et-le-soleil-brille-plus\\\/#primaryimage\",\"url\":\"https:\\\/\\\/www.hkm.ch\\\/wp-content\\\/uploads\\\/2024\\\/01\\\/article-protections-solaire-04-5d570422.webp\",\"contentUrl\":\"https:\\\/\\\/www.hkm.ch\\\/wp-content\\\/uploads\\\/2024\\\/01\\\/article-protections-solaire-04-5d570422.webp\",\"width\":1200,\"height\":800},{\"@type\":\"BreadcrumbList\",\"@id\":\"https:\\\/\\\/www.hkm.ch\\\/fr\\\/articles-by-hkm\\\/les-temperatures-augmentent-et-le-soleil-brille-plus\\\/#breadcrumb\",\"itemListElement\":[{\"@type\":\"ListItem\",\"position\":1,\"name\":\"Accueil\",\"item\":\"https:\\\/\\\/www.hkm.ch\\\/fr\\\/\"},{\"@type\":\"ListItem\",\"position\":2,\"name\":\"Les temp\u00e9ratures augmentent et le soleil brille plus\"}]},{\"@type\":\"WebSite\",\"@id\":\"https:\\\/\\\/www.hkm.ch\\\/fr\\\/#website\",\"url\":\"https:\\\/\\\/www.hkm.ch\\\/fr\\\/\",\"name\":\"HKM SA\",\"description\":\"\",\"publisher\":{\"@id\":\"https:\\\/\\\/www.hkm.ch\\\/fr\\\/#organization\"},\"potentialAction\":[{\"@type\":\"SearchAction\",\"target\":{\"@type\":\"EntryPoint\",\"urlTemplate\":\"https:\\\/\\\/www.hkm.ch\\\/fr\\\/?s={search_term_string}\"},\"query-input\":{\"@type\":\"PropertyValueSpecification\",\"valueRequired\":true,\"valueName\":\"search_term_string\"}}],\"inLanguage\":\"fr-FR\"},{\"@type\":\"Organization\",\"@id\":\"https:\\\/\\\/www.hkm.ch\\\/fr\\\/#organization\",\"name\":\"HKM SA\",\"url\":\"https:\\\/\\\/www.hkm.ch\\\/fr\\\/\",\"logo\":{\"@type\":\"ImageObject\",\"inLanguage\":\"fr-FR\",\"@id\":\"https:\\\/\\\/www.hkm.ch\\\/fr\\\/#\\\/schema\\\/logo\\\/image\\\/\",\"url\":\"https:\\\/\\\/www.hkm.ch\\\/wp-content\\\/uploads\\\/2023\\\/11\\\/logo-hkm-sa.webp\",\"contentUrl\":\"https:\\\/\\\/www.hkm.ch\\\/wp-content\\\/uploads\\\/2023\\\/11\\\/logo-hkm-sa.webp\",\"width\":250,\"height\":59,\"caption\":\"HKM SA\"},\"image\":{\"@id\":\"https:\\\/\\\/www.hkm.ch\\\/fr\\\/#\\\/schema\\\/logo\\\/image\\\/\"}},{\"@type\":\"Person\",\"@id\":\"https:\\\/\\\/www.hkm.ch\\\/fr\\\/#\\\/schema\\\/person\\\/898cf261f40ec7de6fc1ad2671167a36\",\"name\":\"devs@coommunication.com\",\"image\":{\"@type\":\"ImageObject\",\"inLanguage\":\"fr-FR\",\"@id\":\"https:\\\/\\\/secure.gravatar.com\\\/avatar\\\/cf07a2c47c86ad30bd998ab8801adcf675c7a3481c8303f68cf8c964a0ddb8b1?s=96&d=mm&r=g\",\"url\":\"https:\\\/\\\/secure.gravatar.com\\\/avatar\\\/cf07a2c47c86ad30bd998ab8801adcf675c7a3481c8303f68cf8c964a0ddb8b1?s=96&d=mm&r=g\",\"contentUrl\":\"https:\\\/\\\/secure.gravatar.com\\\/avatar\\\/cf07a2c47c86ad30bd998ab8801adcf675c7a3481c8303f68cf8c964a0ddb8b1?s=96&d=mm&r=g\",\"caption\":\"devs@coommunication.com\"},\"sameAs\":[\"https:\\\/\\\/www.hkm.ch\"],\"url\":\"https:\\\/\\\/www.hkm.ch\\\/fr\\\/author\\\/devscoommunication-com\\\/\"}]}<\/script>\n<!-- \/ Yoast SEO plugin. -->","yoast_head_json":{"title":"Les temp\u00e9ratures augmentent et le soleil brille plus - HKM SA","robots":{"index":"index","follow":"follow","max-snippet":"max-snippet:-1","max-image-preview":"max-image-preview:large","max-video-preview":"max-video-preview:-1"},"canonical":"https:\/\/www.hkm.ch\/fr\/articles-by-hkm\/les-temperatures-augmentent-et-le-soleil-brille-plus\/","og_locale":"fr_FR","og_type":"article","og_title":"Les temp\u00e9ratures augmentent et le soleil brille plus - HKM SA","og_description":"Doucement mais s\u00fbrement\u2026 les temp\u00e9ratures augmentent en Suisse et le soleil y brille 20% de plus qu\u2019en 1980. Les m\u00e9t\u00e9orologues l\u2019ont relev\u00e9 : depuis 150 ans, le climat Suisse se r\u00e9chauffe. Regardons de plus pr\u00e8s.","og_url":"https:\/\/www.hkm.ch\/fr\/articles-by-hkm\/les-temperatures-augmentent-et-le-soleil-brille-plus\/","og_site_name":"HKM SA","article_published_time":"2024-01-17T14:24:08+00:00","article_modified_time":"2024-04-09T12:01:51+00:00","og_image":[{"width":1200,"height":800,"url":"https:\/\/www.hkm.ch\/wp-content\/uploads\/2024\/01\/article-protections-solaire-04-5d570422.webp","type":"image\/webp"}],"author":"devs@coommunication.com","twitter_card":"summary_large_image","twitter_misc":{"\u00c9crit par":"devs@coommunication.com","Dur\u00e9e de lecture estim\u00e9e":"3 minutes"},"schema":{"@context":"https:\/\/schema.org","@graph":[{"@type":"Article","@id":"https:\/\/www.hkm.ch\/fr\/articles-by-hkm\/les-temperatures-augmentent-et-le-soleil-brille-plus\/#article","isPartOf":{"@id":"https:\/\/www.hkm.ch\/fr\/articles-by-hkm\/les-temperatures-augmentent-et-le-soleil-brille-plus\/"},"author":{"name":"devs@coommunication.com","@id":"https:\/\/www.hkm.ch\/fr\/#\/schema\/person\/898cf261f40ec7de6fc1ad2671167a36"},"headline":"Les temp\u00e9ratures augmentent et le soleil brille plus","datePublished":"2024-01-17T14:24:08+00:00","dateModified":"2024-04-09T12:01:51+00:00","mainEntityOfPage":{"@id":"https:\/\/www.hkm.ch\/fr\/articles-by-hkm\/les-temperatures-augmentent-et-le-soleil-brille-plus\/"},"wordCount":605,"publisher":{"@id":"https:\/\/www.hkm.ch\/fr\/#organization"},"image":{"@id":"https:\/\/www.hkm.ch\/fr\/articles-by-hkm\/les-temperatures-augmentent-et-le-soleil-brille-plus\/#primaryimage"},"thumbnailUrl":"https:\/\/www.hkm.ch\/wp-content\/uploads\/2024\/01\/article-protections-solaire-04-5d570422.webp","articleSection":["Articles by HKM"],"inLanguage":"fr-FR"},{"@type":"WebPage","@id":"https:\/\/www.hkm.ch\/fr\/articles-by-hkm\/les-temperatures-augmentent-et-le-soleil-brille-plus\/","url":"https:\/\/www.hkm.ch\/fr\/articles-by-hkm\/les-temperatures-augmentent-et-le-soleil-brille-plus\/","name":"Les temp\u00e9ratures augmentent et le soleil brille plus - HKM SA","isPartOf":{"@id":"https:\/\/www.hkm.ch\/fr\/#website"},"primaryImageOfPage":{"@id":"https:\/\/www.hkm.ch\/fr\/articles-by-hkm\/les-temperatures-augmentent-et-le-soleil-brille-plus\/#primaryimage"},"image":{"@id":"https:\/\/www.hkm.ch\/fr\/articles-by-hkm\/les-temperatures-augmentent-et-le-soleil-brille-plus\/#primaryimage"},"thumbnailUrl":"https:\/\/www.hkm.ch\/wp-content\/uploads\/2024\/01\/article-protections-solaire-04-5d570422.webp","datePublished":"2024-01-17T14:24:08+00:00","dateModified":"2024-04-09T12:01:51+00:00","breadcrumb":{"@id":"https:\/\/www.hkm.ch\/fr\/articles-by-hkm\/les-temperatures-augmentent-et-le-soleil-brille-plus\/#breadcrumb"},"inLanguage":"fr-FR","potentialAction":[{"@type":"ReadAction","target":["https:\/\/www.hkm.ch\/fr\/articles-by-hkm\/les-temperatures-augmentent-et-le-soleil-brille-plus\/"]}]},{"@type":"ImageObject","inLanguage":"fr-FR","@id":"https:\/\/www.hkm.ch\/fr\/articles-by-hkm\/les-temperatures-augmentent-et-le-soleil-brille-plus\/#primaryimage","url":"https:\/\/www.hkm.ch\/wp-content\/uploads\/2024\/01\/article-protections-solaire-04-5d570422.webp","contentUrl":"https:\/\/www.hkm.ch\/wp-content\/uploads\/2024\/01\/article-protections-solaire-04-5d570422.webp","width":1200,"height":800},{"@type":"BreadcrumbList","@id":"https:\/\/www.hkm.ch\/fr\/articles-by-hkm\/les-temperatures-augmentent-et-le-soleil-brille-plus\/#breadcrumb","itemListElement":[{"@type":"ListItem","position":1,"name":"Accueil","item":"https:\/\/www.hkm.ch\/fr\/"},{"@type":"ListItem","position":2,"name":"Les temp\u00e9ratures augmentent et le soleil brille plus"}]},{"@type":"WebSite","@id":"https:\/\/www.hkm.ch\/fr\/#website","url":"https:\/\/www.hkm.ch\/fr\/","name":"HKM SA","description":"","publisher":{"@id":"https:\/\/www.hkm.ch\/fr\/#organization"},"potentialAction":[{"@type":"SearchAction","target":{"@type":"EntryPoint","urlTemplate":"https:\/\/www.hkm.ch\/fr\/?s={search_term_string}"},"query-input":{"@type":"PropertyValueSpecification","valueRequired":true,"valueName":"search_term_string"}}],"inLanguage":"fr-FR"},{"@type":"Organization","@id":"https:\/\/www.hkm.ch\/fr\/#organization","name":"HKM SA","url":"https:\/\/www.hkm.ch\/fr\/","logo":{"@type":"ImageObject","inLanguage":"fr-FR","@id":"https:\/\/www.hkm.ch\/fr\/#\/schema\/logo\/image\/","url":"https:\/\/www.hkm.ch\/wp-content\/uploads\/2023\/11\/logo-hkm-sa.webp","contentUrl":"https:\/\/www.hkm.ch\/wp-content\/uploads\/2023\/11\/logo-hkm-sa.webp","width":250,"height":59,"caption":"HKM SA"},"image":{"@id":"https:\/\/www.hkm.ch\/fr\/#\/schema\/logo\/image\/"}},{"@type":"Person","@id":"https:\/\/www.hkm.ch\/fr\/#\/schema\/person\/898cf261f40ec7de6fc1ad2671167a36","name":"devs@coommunication.com","image":{"@type":"ImageObject","inLanguage":"fr-FR","@id":"https:\/\/secure.gravatar.com\/avatar\/cf07a2c47c86ad30bd998ab8801adcf675c7a3481c8303f68cf8c964a0ddb8b1?s=96&d=mm&r=g","url":"https:\/\/secure.gravatar.com\/avatar\/cf07a2c47c86ad30bd998ab8801adcf675c7a3481c8303f68cf8c964a0ddb8b1?s=96&d=mm&r=g","contentUrl":"https:\/\/secure.gravatar.com\/avatar\/cf07a2c47c86ad30bd998ab8801adcf675c7a3481c8303f68cf8c964a0ddb8b1?s=96&d=mm&r=g","caption":"devs@coommunication.com"},"sameAs":["https:\/\/www.hkm.ch"],"url":"https:\/\/www.hkm.ch\/fr\/author\/devscoommunication-com\/"}]}},"_links":{"self":[{"href":"https:\/\/www.hkm.ch\/fr\/wp-json\/wp\/v2\/posts\/1557","targetHints":{"allow":["GET"]}}],"collection":[{"href":"https:\/\/www.hkm.ch\/fr\/wp-json\/wp\/v2\/posts"}],"about":[{"href":"https:\/\/www.hkm.ch\/fr\/wp-json\/wp\/v2\/types\/post"}],"author":[{"embeddable":true,"href":"https:\/\/www.hkm.ch\/fr\/wp-json\/wp\/v2\/users\/1"}],"replies":[{"embeddable":true,"href":"https:\/\/www.hkm.ch\/fr\/wp-json\/wp\/v2\/comments?post=1557"}],"version-history":[{"count":17,"href":"https:\/\/www.hkm.ch\/fr\/wp-json\/wp\/v2\/posts\/1557\/revisions"}],"predecessor-version":[{"id":3377,"href":"https:\/\/www.hkm.ch\/fr\/wp-json\/wp\/v2\/posts\/1557\/revisions\/3377"}],"wp:featuredmedia":[{"embeddable":true,"href":"https:\/\/www.hkm.ch\/fr\/wp-json\/wp\/v2\/media\/1560"}],"wp:attachment":[{"href":"https:\/\/www.hkm.ch\/fr\/wp-json\/wp\/v2\/media?parent=1557"}],"wp:term":[{"taxonomy":"category","embeddable":true,"href":"https:\/\/www.hkm.ch\/fr\/wp-json\/wp\/v2\/categories?post=1557"},{"taxonomy":"post_tag","embeddable":true,"href":"https:\/\/www.hkm.ch\/fr\/wp-json\/wp\/v2\/tags?post=1557"}],"curies":[{"name":"wp","href":"https:\/\/api.w.org\/{rel}","templated":true}]}}